{"id":35074,"date":"2025-04-01T09:55:17","date_gmt":"2025-04-01T07:55:17","guid":{"rendered":"https:\/\/mindtechvigo.com\/mindtech-realiza-evento-promocional-e-de-networking-em-braga\/"},"modified":"2025-04-01T10:01:45","modified_gmt":"2025-04-01T08:01:45","slug":"mindtech-realiza-evento-promocional-e-de-networking-em-braga","status":"publish","type":"post","link":"https:\/\/mindtechvigo.com\/pt-pt\/mindtech-realiza-evento-promocional-e-de-networking-em-braga\/","title":{"rendered":"Mindtech realiza evento promocional e de networking em Braga"},"content":{"rendered":"\n<p>A feira internacional Mindtech <strong>(Metal Industry &amp; Technologies International Trade Fair)<\/strong> realizar\u00e1 a sua quarta edi\u00e7\u00e3o na cidade de Vigo de 17 a 19 de junho de 2025.<\/p>\n\n<p>Antes deste evento industrial de refer\u00eancia para o P\u00f3lo Ib\u00e9rico, a Mindtech organiza v\u00e1rios eventos nacionais e internacionais de networking empresarial para impulsionar os neg\u00f3cios no sector da metalurgia industrial e das tecnologias associadas, divulgando as principais actividades da pr\u00f3pria feira.<\/p>\n\n<h2 class=\"wp-block-heading\">A feira do P\u00f3lo Ib\u00e9rico visita Braga<\/h2>\n\n<p>O pr\u00f3ximo evento de networking da Mindtech ter\u00e1 lugar na <strong>pr\u00f3xima quinta-feira, 3 de abril, das 11h30 \u00e0s 12h30,<\/strong> no <strong>Hotel Innside Braga Centro, Portugal<\/strong> (Av. Central 107, 4710-310 Braga, Portugal). O evento \u00e9 organizado em colabora\u00e7\u00e3o com a AEMinho.  <\/p>\n\n<p>Durante este encontro, ser\u00e3o apresentadas as \u00faltimas novidades da quarta edi\u00e7\u00e3o da feira Mindtech e ser\u00e1 realizado um dia de networking entre empresas l\u00edderes da ind\u00fastria portuguesa para promover a gera\u00e7\u00e3o de neg\u00f3cios, em linha com a ess\u00eancia da pr\u00f3pria feira Mindtech.<\/p>\n\n<h2 class=\"wp-block-heading\">Programa do evento<\/h2>\n\n<ul class=\"wp-block-list\">\n<li><strong>11.30-11.40hs:<\/strong> Apresenta\u00e7\u00e3o do evento e dos oradores pela AEMinho<\/li>\n\n\n\n<li><strong>11.40-12.00hs:<\/strong> Apresenta\u00e7\u00e3o da 4\u00aa edi\u00e7\u00e3o da Mindtech\n<ul class=\"wp-block-list\">\n<li>Mindtech: \u00d3scar S\u00e1nchez, Sales Manager<\/li>\n<\/ul>\n<\/li>\n\n\n\n<li><strong>12.00-12.15hs:<\/strong> Hist\u00f3rias de sucesso de empresas portuguesas que exp\u00f5em na Mindtech<\/li>\n\n\n\n<li><strong>12.15-12.30hs: <\/strong>Ronda de apresenta\u00e7\u00f5es dos participantes para favorecer o trabalho em rede.<\/li>\n\n\n\n<li><strong>12.30hs<\/strong>: Caf\u00e9 Networking<\/li>\n<\/ul>\n\n<h2 class=\"wp-block-heading\">Inscri\u00e7\u00e3o para o trabalho em rede em Aveiro<\/h2>\n\n<p>Inscreva-se j\u00e1 no evento de networking em Braga e venha conhecer em primeira m\u00e3o as \u00faltimas tend\u00eancias de digitaliza\u00e7\u00e3o no sector metal\u00fargico e as tecnologias associadas.<\/p>\n\n<p><a href=\"https:\/\/forms.zohopublic.com\/asociacindeindustrialesmetal\/form\/Mindtech2025EventodePromooeNetworkingemBraga\/formperma\/TYwCdXZp_xqoStU70L80WZ-Htyz8LE6oCMYZz5skEXs\" target=\"_blank\" rel=\"noreferrer noopener\">Solicite a sua acredita\u00e7\u00e3o<\/a><\/p>\n\n<h2 class=\"wp-block-heading\">Sobre a Mindtech<\/h2>\n\n<p><strong>A feira Mindtech \u00e9 organizada pela ASIME <\/strong>(Associa\u00e7\u00e3o das Ind\u00fastrias Metal\u00fargicas e Tecnologias Associadas da Galiza), um cluster do sector que re\u00fane mais de 600 empresas). A quarta edi\u00e7\u00e3o da feira ter\u00e1 lugar em Vigo, de 17 a 19 de junho de 2025, e espera-se que re\u00fana mais de <strong>250 expositores e 10.000 visitantes<\/strong> num centro de neg\u00f3cios industrial sem precedentes entre a Europa, \u00c1frica, \u00c1sia e os pa\u00edses atl\u00e2nticos. Se desejar obter mais informa\u00e7\u00f5es sobre como expor neste evento de refer\u00eancia, <a href=\"https:\/\/mindtechvigo.com\/pt-pt\/expositores\/\">consulte as modalidades de participa\u00e7\u00e3o como expositor.<\/a>  <\/p>\n","protected":false},"excerpt":{"rendered":"<p>A feira internacional Mindtech (Metal Industry &amp; Technologies International Trade Fair) realizar\u00e1 a sua quarta edi\u00e7\u00e3o na cidade de Vigo de 17 a 19 de junho de 2025. Antes deste evento industrial de refer\u00eancia para o P\u00f3lo Ib\u00e9rico, a Mindtech organiza v\u00e1rios eventos nacionais e internacionais de networking empresarial para impulsionar os neg\u00f3cios no sector &#8230; <a title=\"Mindtech realiza evento promocional e de networking em Braga\" class=\"read-more\" href=\"https:\/\/mindtechvigo.com\/pt-pt\/mindtech-realiza-evento-promocional-e-de-networking-em-braga\/\" aria-label=\"Leia mais sobre Mindtech realiza evento promocional e de networking em Braga\">Ler mais<\/a><\/p>\n","protected":false},"author":2,"featured_media":35073,"comment_status":"closed","ping_status":"closed","sticky":false,"template":"","format":"standard","meta":{"_acf_changed":false,"footnotes":""},"categories":[205],"tags":[],"class_list":["post-35074","post","type-post","status-publish","format-standard","has-post-thumbnail","hentry","category-eventos-pt-pt"],"acf":[],"_links":{"self":[{"href":"https:\/\/mindtechvigo.com\/pt-pt\/wp-json\/wp\/v2\/posts\/35074","targetHints":{"allow":["GET"]}}],"collection":[{"href":"https:\/\/mindtechvigo.com\/pt-pt\/wp-json\/wp\/v2\/posts"}],"about":[{"href":"https:\/\/mindtechvigo.com\/pt-pt\/wp-json\/wp\/v2\/types\/post"}],"author":[{"embeddable":true,"href":"https:\/\/mindtechvigo.com\/pt-pt\/wp-json\/wp\/v2\/users\/2"}],"replies":[{"embeddable":true,"href":"https:\/\/mindtechvigo.com\/pt-pt\/wp-json\/wp\/v2\/comments?post=35074"}],"version-history":[{"count":3,"href":"https:\/\/mindtechvigo.com\/pt-pt\/wp-json\/wp\/v2\/posts\/35074\/revisions"}],"predecessor-version":[{"id":35077,"href":"https:\/\/mindtechvigo.com\/pt-pt\/wp-json\/wp\/v2\/posts\/35074\/revisions\/35077"}],"wp:featuredmedia":[{"embeddable":true,"href":"https:\/\/mindtechvigo.com\/pt-pt\/wp-json\/wp\/v2\/media\/35073"}],"wp:attachment":[{"href":"https:\/\/mindtechvigo.com\/pt-pt\/wp-json\/wp\/v2\/media?parent=35074"}],"wp:term":[{"taxonomy":"category","embeddable":true,"href":"https:\/\/mindtechvigo.com\/pt-pt\/wp-json\/wp\/v2\/categories?post=35074"},{"taxonomy":"post_tag","embeddable":true,"href":"https:\/\/mindtechvigo.com\/pt-pt\/wp-json\/wp\/v2\/tags?post=35074"}],"curies":[{"name":"wp","href":"https:\/\/api.w.org\/{rel}","templated":true}]}}